{"id":55,"date":"2025-05-05T16:39:49","date_gmt":"2025-05-05T19:39:49","guid":{"rendered":"https:\/\/www.lojasmaranhao.com.br\/blog\/?p=55"},"modified":"2025-04-30T16:41:50","modified_gmt":"2025-04-30T19:41:50","slug":"mesa-plataforma-de-trabalho-aposte-em-funcionalidade-e-estetica-para-ambientes-corporativos","status":"publish","type":"post","link":"https:\/\/www.lojasmaranhao.com.br\/blog\/mesas-plataformas\/mesa-plataforma-de-trabalho-aposte-em-funcionalidade-e-estetica-para-ambientes-corporativos\/","title":{"rendered":"Mesa plataforma de trabalho: aposte em funcionalidade e est\u00e9tica para ambientes corporativos"},"content":{"rendered":"\n<p class=\"has-medium-font-size\"><strong><em>Descubra como a mesa plataforma de trabalho pode transformar seu escrit\u00f3rio em um ambiente mais funcional, est\u00e9tico e produtivo.&nbsp;<\/em><\/strong><\/p>\n\n\n\n<p>Ambientes corporativos modernos exigem mais do que m\u00f3veis funcionais. Eles precisam refletir a identidade da empresa e, ao mesmo tempo, proporcionar conforto e efici\u00eancia para os colaboradores.<\/p>\n\n\n\n<p>A <strong>mesa plataforma de trabalho<\/strong> tem ganhado destaque nesse cen\u00e1rio. Al\u00e9m de otimizar espa\u00e7os, ela oferece solu\u00e7\u00f5es personalizadas que aumentam a produtividade e melhoram a ergonomia no escrit\u00f3rio.<\/p>\n\n\n\n<p>Neste artigo, voc\u00ea entender\u00e1 por que investir nesse modelo \u00e9 uma escolha inteligente, e conhecer\u00e1 a linha da <strong>Lojas Maranh\u00e3o<\/strong>, refer\u00eancia no setor.<\/p>\n\n\n\n<div id=\"ez-toc-container\" class=\"ez-toc-v2_0_75 counter-hierarchy ez-toc-counter ez-toc-grey ez-toc-container-direction\">\n<div class=\"ez-toc-title-container\">\n<p class=\"ez-toc-title\" style=\"cursor:inherit\">O que abordaremos neste artigo:<\/p>\n<span class=\"ez-toc-title-toggle\"><a href=\"#\" class=\"ez-toc-pull-right ez-toc-btn ez-toc-btn-xs ez-toc-btn-default ez-toc-toggle\" aria-label=\"Alternar tabela de conte\u00fado\"><span class=\"ez-toc-js-icon-con\"><span class=\"\"><span class=\"eztoc-hide\" style=\"display:none;\">Toggle<\/span><span class=\"ez-toc-icon-toggle-span\"><svg style=\"fill: #999;color:#999\" xmlns=\"http:\/\/www.w3.org\/2000\/svg\" class=\"list-377408\" width=\"20px\" height=\"20px\" viewBox=\"0 0 24 24\" fill=\"none\"><path d=\"M6 6H4v2h2V6zm14 0H8v2h12V6zM4 11h2v2H4v-2zm16 0H8v2h12v-2zM4 16h2v2H4v-2zm16 0H8v2h12v-2z\" fill=\"currentColor\"><\/path><\/svg><svg style=\"fill: #999;color:#999\" class=\"arrow-unsorted-368013\" xmlns=\"http:\/\/www.w3.org\/2000\/svg\" width=\"10px\" height=\"10px\" viewBox=\"0 0 24 24\" version=\"1.2\" baseProfile=\"tiny\"><path d=\"M18.2 9.3l-6.2-6.3-6.2 6.3c-.2.2-.3.4-.3.7s.1.5.3.7c.2.2.4.3.7.3h11c.3 0 .5-.1.7-.3.2-.2.3-.5.3-.7s-.1-.5-.3-.7zM5.8 14.7l6.2 6.3 6.2-6.3c.2-.2.3-.5.3-.7s-.1-.5-.3-.7c-.2-.2-.4-.3-.7-.3h-11c-.3 0-.5.1-.7.3-.2.2-.3.5-.3.7s.1.5.3.7z\"\/><\/svg><\/span><\/span><\/span><\/a><\/span><\/div>\n<nav><ul class='ez-toc-list ez-toc-list-level-1 ' ><li class='ez-toc-page-1 ez-toc-heading-level-2'><a class=\"ez-toc-link ez-toc-heading-1\" href=\"https:\/\/www.lojasmaranhao.com.br\/blog\/mesas-plataformas\/mesa-plataforma-de-trabalho-aposte-em-funcionalidade-e-estetica-para-ambientes-corporativos\/#O_que_e_uma_mesa_plataforma_de_trabalho\" >O que \u00e9 uma mesa plataforma de trabalho?<\/a><\/li><li class='ez-toc-page-1 ez-toc-heading-level-2'><a class=\"ez-toc-link ez-toc-heading-2\" href=\"https:\/\/www.lojasmaranhao.com.br\/blog\/mesas-plataformas\/mesa-plataforma-de-trabalho-aposte-em-funcionalidade-e-estetica-para-ambientes-corporativos\/#Beneficios_da_mesa_plataforma_para_ambientes_de_trabalho\" >Benef\u00edcios da mesa plataforma para ambientes de trabalho<\/a><ul class='ez-toc-list-level-4' ><li class='ez-toc-heading-level-4'><ul class='ez-toc-list-level-4' ><li class='ez-toc-heading-level-4'><a class=\"ez-toc-link ez-toc-heading-3\" href=\"https:\/\/www.lojasmaranhao.com.br\/blog\/mesas-plataformas\/mesa-plataforma-de-trabalho-aposte-em-funcionalidade-e-estetica-para-ambientes-corporativos\/#Otimizacao_do_espaco_fisico\" >Otimiza\u00e7\u00e3o do espa\u00e7o f\u00edsico<\/a><\/li><li class='ez-toc-page-1 ez-toc-heading-level-4'><a class=\"ez-toc-link ez-toc-heading-4\" href=\"https:\/\/www.lojasmaranhao.com.br\/blog\/mesas-plataformas\/mesa-plataforma-de-trabalho-aposte-em-funcionalidade-e-estetica-para-ambientes-corporativos\/#Estetica_padronizada\" >Est\u00e9tica padronizada<\/a><\/li><li class='ez-toc-page-1 ez-toc-heading-level-4'><a class=\"ez-toc-link ez-toc-heading-5\" href=\"https:\/\/www.lojasmaranhao.com.br\/blog\/mesas-plataformas\/mesa-plataforma-de-trabalho-aposte-em-funcionalidade-e-estetica-para-ambientes-corporativos\/#Integracao_entre_equipes\" >Integra\u00e7\u00e3o entre equipes<\/a><\/li><li class='ez-toc-page-1 ez-toc-heading-level-4'><a class=\"ez-toc-link ez-toc-heading-6\" href=\"https:\/\/www.lojasmaranhao.com.br\/blog\/mesas-plataformas\/mesa-plataforma-de-trabalho-aposte-em-funcionalidade-e-estetica-para-ambientes-corporativos\/#Personalizacao_pratica\" >Personaliza\u00e7\u00e3o pr\u00e1tica<\/a><\/li><\/ul><\/li><\/ul><\/li><li class='ez-toc-page-1 ez-toc-heading-level-2'><a class=\"ez-toc-link ez-toc-heading-7\" href=\"https:\/\/www.lojasmaranhao.com.br\/blog\/mesas-plataformas\/mesa-plataforma-de-trabalho-aposte-em-funcionalidade-e-estetica-para-ambientes-corporativos\/#Impacto_direto_na_produtividade_e_ergonomia\" >Impacto direto na produtividade e ergonomia<\/a><\/li><li class='ez-toc-page-1 ez-toc-heading-level-2'><a class=\"ez-toc-link ez-toc-heading-8\" href=\"https:\/\/www.lojasmaranhao.com.br\/blog\/mesas-plataformas\/mesa-plataforma-de-trabalho-aposte-em-funcionalidade-e-estetica-para-ambientes-corporativos\/#Onde_utilizar_a_mesa_plataforma\" >Onde utilizar a mesa plataforma<\/a><\/li><li class='ez-toc-page-1 ez-toc-heading-level-2'><a class=\"ez-toc-link ez-toc-heading-9\" href=\"https:\/\/www.lojasmaranhao.com.br\/blog\/mesas-plataformas\/mesa-plataforma-de-trabalho-aposte-em-funcionalidade-e-estetica-para-ambientes-corporativos\/#A_importancia_da_escolha_de_fornecedores_especializados\" >A import\u00e2ncia da escolha de fornecedores especializados<\/a><\/li><li class='ez-toc-page-1 ez-toc-heading-level-2'><a class=\"ez-toc-link ez-toc-heading-10\" href=\"https:\/\/www.lojasmaranhao.com.br\/blog\/mesas-plataformas\/mesa-plataforma-de-trabalho-aposte-em-funcionalidade-e-estetica-para-ambientes-corporativos\/#Conheca_a_mesa_plataforma_de_trabalho_da_Lojas_Maranhao\" >Conhe\u00e7a a mesa plataforma de trabalho da Lojas Maranh\u00e3o<\/a><\/li><\/ul><\/nav><\/div>\n<h2 class=\"wp-block-heading\"><span class=\"ez-toc-section\" id=\"O_que_e_uma_mesa_plataforma_de_trabalho\"><\/span><strong>O que \u00e9 uma mesa plataforma de trabalho?<\/strong><span class=\"ez-toc-section-end\"><\/span><\/h2>\n\n\n\n<p>A mesa plataforma de trabalho \u00e9 um tipo de mobili\u00e1rio corporativo que permite o uso compartilhado entre dois ou mais colaboradores, em um \u00fanico m\u00f3dulo cont\u00ednuo.<\/p>\n\n\n\n<p>Ela \u00e9 ideal para empresas que valorizam a colabora\u00e7\u00e3o e desejam aproveitar ao m\u00e1ximo o espa\u00e7o dispon\u00edvel. Ao contr\u00e1rio das mesas individuais, a plataforma proporciona integra\u00e7\u00e3o, padroniza\u00e7\u00e3o est\u00e9tica e organiza\u00e7\u00e3o visual.<\/p>\n\n\n\n<p><strong>Esse tipo de mesa \u00e9 vers\u00e1til<\/strong>, podendo ser adaptado a diferentes configura\u00e7\u00f5es, com divis\u00f3rias, suportes de monitor, calhas para cabos e outros recursos que facilitam o dia a dia corporativo.<\/p>\n\n\n\n<ul class=\"wp-block-list\">\n<li><a href=\"https:\/\/www.lojasmaranhao.com.br\/blog\/balcao-de-atendimento-para-recepcao\/balcao-de-atendimento-para-recepcao-como-escolher-o-modelo-ideal\/\">Balc\u00e3o de atendimento para recep\u00e7\u00e3o: como escolher o modelo ideal?<\/a><\/li>\n<\/ul>\n\n\n\n<h2 class=\"wp-block-heading\"><span class=\"ez-toc-section\" id=\"Beneficios_da_mesa_plataforma_para_ambientes_de_trabalho\"><\/span><strong>Benef\u00edcios da mesa plataforma para ambientes de trabalho<\/strong><span class=\"ez-toc-section-end\"><\/span><\/h2>\n\n\n\n<h4 class=\"wp-block-heading\"><span class=\"ez-toc-section\" id=\"Otimizacao_do_espaco_fisico\"><\/span><strong>Otimiza\u00e7\u00e3o do espa\u00e7o f\u00edsico<\/strong><span class=\"ez-toc-section-end\"><\/span><\/h4>\n\n\n\n<p>A mesa plataforma ajuda a <strong>aproveitar melhor o ambiente<\/strong>, permitindo que mais pessoas compartilhem o mesmo espa\u00e7o de forma organizada e eficiente.<\/p>\n\n\n\n<h4 class=\"wp-block-heading\"><span class=\"ez-toc-section\" id=\"Estetica_padronizada\"><\/span><strong>Est\u00e9tica padronizada<\/strong><span class=\"ez-toc-section-end\"><\/span><\/h4>\n\n\n\n<p>Com visual clean e acabamento de qualidade, ela <strong>melhora a apar\u00eancia do escrit\u00f3rio<\/strong> e transmite mais profissionalismo.<\/p>\n\n\n\n<h4 class=\"wp-block-heading\"><span class=\"ez-toc-section\" id=\"Integracao_entre_equipes\"><\/span><strong>Integra\u00e7\u00e3o entre equipes<\/strong><span class=\"ez-toc-section-end\"><\/span><\/h4>\n\n\n\n<p>Ao compartilhar a mesa, os colaboradores t\u00eam mais facilidade para <strong>interagir e trocar ideias<\/strong>, favorecendo o trabalho em equipe.<\/p>\n\n\n\n<h4 class=\"wp-block-heading\"><span class=\"ez-toc-section\" id=\"Personalizacao_pratica\"><\/span><strong>Personaliza\u00e7\u00e3o pr\u00e1tica<\/strong><span class=\"ez-toc-section-end\"><\/span><\/h4>\n\n\n\n<p>Dispon\u00edvel em diversas cores, tamanhos e configura\u00e7\u00f5es, a mesa plataforma pode ser <strong>adaptada \u00e0 identidade da empresa<\/strong> e \u00e0s necessidades dos times.<\/p>\n\n\n\n<h2 class=\"wp-block-heading\"><span class=\"ez-toc-section\" id=\"Impacto_direto_na_produtividade_e_ergonomia\"><\/span><strong>Impacto direto na produtividade e ergonomia<\/strong><span class=\"ez-toc-section-end\"><\/span><\/h2>\n\n\n\n<p>A mesa plataforma de trabalho tem um papel essencial na produtividade e na ergonomia dentro dos escrit\u00f3rios modernos.&nbsp;<\/p>\n\n\n<div class=\"wp-block-image\">\n<figure class=\"alignright size-full is-resized\"><img loading=\"lazy\" decoding=\"async\" width=\"600\" height=\"361\" src=\"https:\/\/www.lojasmaranhao.com.br\/blog\/wp-content\/uploads\/2025\/04\/plataforma-de-trabalho-work-pro.png\" alt=\"\" class=\"wp-image-57\" style=\"width:319px;height:auto\" srcset=\"https:\/\/www.lojasmaranhao.com.br\/blog\/wp-content\/uploads\/2025\/04\/plataforma-de-trabalho-work-pro.png 600w, https:\/\/www.lojasmaranhao.com.br\/blog\/wp-content\/uploads\/2025\/04\/plataforma-de-trabalho-work-pro-300x181.png 300w\" sizes=\"auto, (max-width: 600px) 100vw, 600px\" \/><\/figure>\n<\/div>\n\n\n<p>Seu <strong>design funcional<\/strong> permite que cada colaborador tenha espa\u00e7o suficiente para trabalhar com conforto, mantendo uma postura correta ao longo do dia.&nbsp;<\/p>\n\n\n\n<p>Essa <strong>ergonomia<\/strong> adequada ajuda a prevenir dores musculares, fadiga e problemas posturais, o que influencia diretamente na qualidade do trabalho e no bem-estar da equipe.<\/p>\n\n\n\n<p>Al\u00e9m disso, ao oferecer um ambiente mais organizado, com passagem de cabos embutida e divis\u00f3rias inteligentes, a mesa plataforma contribui para a redu\u00e7\u00e3o de distra\u00e7\u00f5es visuais e ru\u00eddos. Isso <strong>facilita a concentra\u00e7\u00e3o e promove um fluxo de trabalho mais cont\u00ednuo<\/strong>.<\/p>\n\n\n\n<ul class=\"wp-block-list\">\n<li><a href=\"https:\/\/www.lojasmaranhao.com.br\/blog\/baia-de-telemarketing\/baia-de-telemarketing-a-solucao-ideal-para-call-centers\/\">Baia de telemarketing: a solu\u00e7\u00e3o ideal para call centers<\/a><\/li>\n<\/ul>\n\n\n\n<h2 class=\"wp-block-heading\"><span class=\"ez-toc-section\" id=\"Onde_utilizar_a_mesa_plataforma\"><\/span><strong>Onde utilizar a mesa plataforma<\/strong><span class=\"ez-toc-section-end\"><\/span><\/h2>\n\n\n\n<ul class=\"wp-block-list\">\n<li><strong>Escrit\u00f3rios corporativos:<\/strong> Ideal para ambientes que valorizam a colabora\u00e7\u00e3o entre equipes e precisam otimizar o espa\u00e7o;<br><br><\/li>\n\n\n\n<li><strong>Espa\u00e7os de coworking:<\/strong> Oferece flexibilidade e funcionalidade para diferentes perfis de profissionais, com estrutura adapt\u00e1vel;<br><br><\/li>\n\n\n\n<li><strong>Startups e empresas em crescimento:<\/strong> Permite ampliar o time com facilidade, mantendo a organiza\u00e7\u00e3o e a est\u00e9tica do ambiente;<br><br><\/li>\n\n\n\n<li><strong>Departamentos administrativos:<\/strong> Centraliza os setores em uma estrutura \u00fanica, favorecendo a comunica\u00e7\u00e3o entre os colaboradores;<br><br><\/li>\n\n\n\n<li><strong>Salas de reuni\u00e3o compartilhadas:<\/strong> Pode ser usada como esta\u00e7\u00e3o de apoio para grupos que precisam trabalhar juntos de forma pr\u00e1tica e eficiente.<\/li>\n<\/ul>\n\n\n\n<h2 class=\"wp-block-heading\"><span class=\"ez-toc-section\" id=\"A_importancia_da_escolha_de_fornecedores_especializados\"><\/span><strong>A import\u00e2ncia da escolha de fornecedores especializados<\/strong><span class=\"ez-toc-section-end\"><\/span><\/h2>\n\n\n\n<p>Investir em m\u00f3veis corporativos exige mais do que bom gosto. \u00c9 fundamental escolher empresas que ofere\u00e7am <strong>qualidade, atendimento personalizado e experi\u00eancia no mercado<\/strong>.<\/p>\n\n\n\n<p>O fornecedor ideal entende a rotina corporativa, oferece solu\u00e7\u00f5es pr\u00e1ticas e garante suporte na entrega e montagem, sem comprometer o andamento das opera\u00e7\u00f5es.<\/p>\n\n\n\n<ul class=\"wp-block-list\">\n<li><a href=\"https:\/\/www.lojasmaranhao.com.br\/blog\/mesa-de-refeitorio\/mesa-de-refeitorio-modernidade-e-funcionalidade-para-espacos-coletivos\/\">Mesa de refeit\u00f3rio: modernidade e funcionalidade para espa\u00e7os coletivos<\/a><\/li>\n<\/ul>\n\n\n\n<h2 class=\"wp-block-heading\"><span class=\"ez-toc-section\" id=\"Conheca_a_mesa_plataforma_de_trabalho_da_Lojas_Maranhao\"><\/span><strong>Conhe\u00e7a a mesa plataforma de trabalho da Lojas Maranh\u00e3o<\/strong><span class=\"ez-toc-section-end\"><\/span><\/h2>\n\n\n\n<p>Com mais de 35 anos de hist\u00f3ria, a <strong>Lojas Maranh\u00e3o<\/strong> \u00e9 refer\u00eancia no mercado de mobili\u00e1rio para escrit\u00f3rio. Parte do grupo que deu origem \u00e0 LM Prime Mobili\u00e1rio Corporativo, a empresa se destaca pela <strong>inova\u00e7\u00e3o, atendimento personalizado e qualidade superior<\/strong> em seus produtos.<\/p>\n\n\n\n<p>A linha de <strong>mesa plataforma de trabalho da Lojas Maranh\u00e3o<\/strong> foi desenvolvida para atender empresas que buscam aliar funcionalidade, conforto e est\u00e9tica. Com design moderno e op\u00e7\u00f5es de personaliza\u00e7\u00e3o, \u00e9 ideal para montar esta\u00e7\u00f5es de trabalho completas e inteligentes.<\/p>\n\n\n\n<p>Quer transformar seu escrit\u00f3rio em um espa\u00e7o mais funcional, organizado e bonito? <strong><a href=\"https:\/\/www.lojasmaranhao.com.br\/contato\">Entre em contato<\/a> com a Lojas Maranh\u00e3o e pe\u00e7a agora mesmo seu projeto personalizado.<\/strong> Deixe que especialistas cuidem de tudo para voc\u00ea, com excel\u00eancia e dedica\u00e7\u00e3o.<\/p>\n","protected":false},"excerpt":{"rendered":"<p>Descubra como a mesa plataforma de trabalho pode transformar seu escrit\u00f3rio em um ambiente mais funcional, est\u00e9tico e produtivo.&nbsp; Ambientes corporativos modernos exigem mais do que m\u00f3veis funcionais. Eles precisam refletir a identidade da empresa e, ao mesmo tempo, proporcionar conforto e efici\u00eancia para os colaboradores. A mesa plataforma de trabalho tem ganhado destaque nesse &hellip; <\/p>\n","protected":false},"author":1,"featured_media":56,"comment_status":"open","ping_status":"open","sticky":false,"template":"","format":"standard","meta":{"footnotes":""},"categories":[265],"tags":[271,281,277,269,289,280,274,286,273,267,283,285,293,291,295,268,266,287,294,290,297,288,299,301,296,292,300,284,298,278,282,272,158,276,279,270,275],"class_list":["post-55","post","type-post","status-publish","format-standard","has-post-thumbnail","hentry","category-mesas-plataformas","tag-ambientes-corporativos-modernos","tag-colaboracao-no-ambiente-de-trabalho","tag-conforto-no-trabalho","tag-design-de-interiores-corporativo","tag-distribuidor-de-mesa-plataforma-de-trabalho","tag-divisorias-de-mesa","tag-economia-de-espaco","tag-empresa-de-mesa-plataforma-de-trabalho","tag-ergonomia-no-escritorio","tag-estacao-de-trabalho-compartilhada","tag-estetica-no-escritorio","tag-fabrica-de-mesa-plataforma-de-trabalho","tag-fabricante-de-mesa-plataforma-de-trabalho","tag-fornecedor-de-mesa-plataforma-de-trabalho","tag-loja-de-mesa-plataforma-de-trabalho","tag-mesa-corporativa","tag-mesa-plataforma-de-trabalho","tag-mesa-plataforma-de-trabalho-em-promocao","tag-mesa-plataforma-de-trabalho-em-sao-paulo","tag-mesa-plataforma-de-trabalho-em-sp","tag-mesa-plataforma-de-trabalho-na-vila-monte-alegre","tag-mesa-plataforma-de-trabalho-na-zona-sul","tag-mesa-plataforma-de-trabalho-no-brooklyn","tag-mesa-plataforma-de-trabalho-no-campo-belo","tag-mesa-plataforma-de-trabalho-no-jabaquara","tag-mesa-plataforma-de-trabalho-no-planalto-paulista","tag-mesa-plataforma-de-trabalho-perto-de-mim","tag-mesa-plataforma-de-trabalho-preco","tag-mesa-plataforma-de-trabalho-proximo-a-mim","tag-mesa-plataforma-lojas-maranhao","tag-mobiliario-funcional","tag-mobiliario-para-empresas","tag-moveis-corporativos","tag-moveis-para-escritorios","tag-organizacao-no-ambiente-de-trabalho","tag-personalizacao-de-mesas","tag-projeto-corporativo-personalizado","latest_post"],"yoast_head":"<!-- This site is optimized with the Yoast SEO plugin v24.9 - https:\/\/yoast.com\/wordpress\/plugins\/seo\/ -->\n<title>Mesa plataforma de trabalho: aposte em funcionalidade e est\u00e9tica para ambientes corporativos - Blog Lojas Maranh\u00e3o<\/title>\n<meta name=\"description\" content=\"Descubra como a mesa plataforma de trabalho pode transformar seu escrit\u00f3rio em um ambiente mais funcional, est\u00e9tico e produtivo.\" \/>\n<meta name=\"robots\" content=\"index, follow, max-snippet:-1, max-image-preview:large, max-video-preview:-1\" \/>\n<link rel=\"canonical\" href=\"https:\/\/www.lojasmaranhao.com.br\/blog\/mesas-plataformas\/mesa-plataforma-de-trabalho-aposte-em-funcionalidade-e-estetica-para-ambientes-corporativos\/\" \/>\n<meta property=\"og:locale\" content=\"pt_BR\" \/>\n<meta property=\"og:type\" content=\"article\" \/>\n<meta property=\"og:title\" content=\"Mesa plataforma de trabalho: aposte em funcionalidade e est\u00e9tica para ambientes corporativos - Blog Lojas Maranh\u00e3o\" \/>\n<meta property=\"og:description\" content=\"Descubra como a mesa plataforma de trabalho pode transformar seu escrit\u00f3rio em um ambiente mais funcional, est\u00e9tico e produtivo.\" \/>\n<meta property=\"og:url\" content=\"https:\/\/www.lojasmaranhao.com.br\/blog\/mesas-plataformas\/mesa-plataforma-de-trabalho-aposte-em-funcionalidade-e-estetica-para-ambientes-corporativos\/\" \/>\n<meta property=\"og:site_name\" content=\"Blog Lojas Maranh\u00e3o\" \/>\n<meta property=\"article:published_time\" content=\"2025-05-05T19:39:49+00:00\" \/>\n<meta property=\"og:image\" content=\"https:\/\/www.lojasmaranhao.com.br\/blog\/wp-content\/uploads\/2025\/04\/plataforma-de-trabalho-attuali.png\" \/>\n\t<meta property=\"og:image:width\" content=\"600\" \/>\n\t<meta property=\"og:image:height\" content=\"353\" \/>\n\t<meta property=\"og:image:type\" content=\"image\/png\" \/>\n<meta name=\"author\" content=\"admin\" \/>\n<meta name=\"twitter:card\" content=\"summary_large_image\" \/>\n<meta name=\"twitter:label1\" content=\"Escrito por\" \/>\n\t<meta name=\"twitter:data1\" content=\"admin\" \/>\n\t<meta name=\"twitter:label2\" content=\"Est. tempo de leitura\" \/>\n\t<meta name=\"twitter:data2\" content=\"5 minutos\" \/>\n<script type=\"application\/ld+json\" class=\"yoast-schema-graph\">{\"@context\":\"https:\/\/schema.org\",\"@graph\":[{\"@type\":\"Article\",\"@id\":\"https:\/\/www.lojasmaranhao.com.br\/blog\/mesas-plataformas\/mesa-plataforma-de-trabalho-aposte-em-funcionalidade-e-estetica-para-ambientes-corporativos\/#article\",\"isPartOf\":{\"@id\":\"https:\/\/www.lojasmaranhao.com.br\/blog\/mesas-plataformas\/mesa-plataforma-de-trabalho-aposte-em-funcionalidade-e-estetica-para-ambientes-corporativos\/\"},\"author\":{\"name\":\"admin\",\"@id\":\"https:\/\/www.lojasmaranhao.com.br\/blog\/#\/schema\/person\/25e3d69c086a2234cfa80d3ab6db0067\"},\"headline\":\"Mesa plataforma de trabalho: aposte em funcionalidade e est\u00e9tica para ambientes corporativos\",\"datePublished\":\"2025-05-05T19:39:49+00:00\",\"mainEntityOfPage\":{\"@id\":\"https:\/\/www.lojasmaranhao.com.br\/blog\/mesas-plataformas\/mesa-plataforma-de-trabalho-aposte-em-funcionalidade-e-estetica-para-ambientes-corporativos\/\"},\"wordCount\":801,\"commentCount\":0,\"publisher\":{\"@id\":\"https:\/\/www.lojasmaranhao.com.br\/blog\/#organization\"},\"image\":{\"@id\":\"https:\/\/www.lojasmaranhao.com.br\/blog\/mesas-plataformas\/mesa-plataforma-de-trabalho-aposte-em-funcionalidade-e-estetica-para-ambientes-corporativos\/#primaryimage\"},\"thumbnailUrl\":\"https:\/\/www.lojasmaranhao.com.br\/blog\/wp-content\/uploads\/2025\/04\/plataforma-de-trabalho-attuali.png\",\"keywords\":[\"ambientes corporativos modernos\",\"colabora\u00e7\u00e3o no ambiente de trabalho\",\"conforto no trabalho\",\"design de interiores corporativo\",\"distribuidor de mesa plataforma de trabalho\",\"divis\u00f3rias de mesa\",\"economia de espa\u00e7o\",\"empresa de mesa plataforma de trabalho\",\"ergonomia no escrit\u00f3rio\",\"esta\u00e7\u00e3o de trabalho compartilhada\",\"est\u00e9tica no escrit\u00f3rio\",\"f\u00e1brica de mesa plataforma de trabalho\",\"fabricante de mesa plataforma de trabalho\",\"fornecedor de mesa plataforma de trabalho\",\"loja de mesa plataforma de trabalho\",\"mesa corporativa\",\"mesa plataforma de trabalho\",\"mesa plataforma de trabalho em promo\u00e7\u00e3o\",\"mesa plataforma de trabalho em s\u00e3o paulo\",\"mesa plataforma de trabalho em sp\",\"mesa plataforma de trabalho na Vila Monte Alegre\",\"mesa plataforma de trabalho na zona sul\",\"mesa plataforma de trabalho no Brooklyn\",\"mesa plataforma de trabalho no Campo Belo\",\"mesa plataforma de trabalho no Jabaquara\",\"mesa plataforma de trabalho no Planalto Paulista\",\"mesa plataforma de trabalho perto de mim\",\"mesa plataforma de trabalho pre\u00e7o\",\"mesa plataforma de trabalho pr\u00f3ximo a mim\",\"mesa plataforma Lojas Maranh\u00e3o\",\"mobili\u00e1rio funcional\",\"mobili\u00e1rio para empresas\",\"m\u00f3veis corporativos\",\"m\u00f3veis para escrit\u00f3rios\",\"organiza\u00e7\u00e3o no ambiente de trabalho\",\"personaliza\u00e7\u00e3o de mesas\",\"projeto corporativo personalizado\"],\"articleSection\":[\"Mesas plataformas\"],\"inLanguage\":\"pt-BR\",\"potentialAction\":[{\"@type\":\"CommentAction\",\"name\":\"Comment\",\"target\":[\"https:\/\/www.lojasmaranhao.com.br\/blog\/mesas-plataformas\/mesa-plataforma-de-trabalho-aposte-em-funcionalidade-e-estetica-para-ambientes-corporativos\/#respond\"]}]},{\"@type\":\"WebPage\",\"@id\":\"https:\/\/www.lojasmaranhao.com.br\/blog\/mesas-plataformas\/mesa-plataforma-de-trabalho-aposte-em-funcionalidade-e-estetica-para-ambientes-corporativos\/\",\"url\":\"https:\/\/www.lojasmaranhao.com.br\/blog\/mesas-plataformas\/mesa-plataforma-de-trabalho-aposte-em-funcionalidade-e-estetica-para-ambientes-corporativos\/\",\"name\":\"Mesa plataforma de trabalho: aposte em funcionalidade e est\u00e9tica para ambientes corporativos - Blog Lojas Maranh\u00e3o\",\"isPartOf\":{\"@id\":\"https:\/\/www.lojasmaranhao.com.br\/blog\/#website\"},\"primaryImageOfPage\":{\"@id\":\"https:\/\/www.lojasmaranhao.com.br\/blog\/mesas-plataformas\/mesa-plataforma-de-trabalho-aposte-em-funcionalidade-e-estetica-para-ambientes-corporativos\/#primaryimage\"},\"image\":{\"@id\":\"https:\/\/www.lojasmaranhao.com.br\/blog\/mesas-plataformas\/mesa-plataforma-de-trabalho-aposte-em-funcionalidade-e-estetica-para-ambientes-corporativos\/#primaryimage\"},\"thumbnailUrl\":\"https:\/\/www.lojasmaranhao.com.br\/blog\/wp-content\/uploads\/2025\/04\/plataforma-de-trabalho-attuali.png\",\"datePublished\":\"2025-05-05T19:39:49+00:00\",\"description\":\"Descubra como a mesa plataforma de trabalho pode transformar seu escrit\u00f3rio em um ambiente mais funcional, est\u00e9tico e produtivo.\",\"breadcrumb\":{\"@id\":\"https:\/\/www.lojasmaranhao.com.br\/blog\/mesas-plataformas\/mesa-plataforma-de-trabalho-aposte-em-funcionalidade-e-estetica-para-ambientes-corporativos\/#breadcrumb\"},\"inLanguage\":\"pt-BR\",\"potentialAction\":[{\"@type\":\"ReadAction\",\"target\":[\"https:\/\/www.lojasmaranhao.com.br\/blog\/mesas-plataformas\/mesa-plataforma-de-trabalho-aposte-em-funcionalidade-e-estetica-para-ambientes-corporativos\/\"]}]},{\"@type\":\"ImageObject\",\"inLanguage\":\"pt-BR\",\"@id\":\"https:\/\/www.lojasmaranhao.com.br\/blog\/mesas-plataformas\/mesa-plataforma-de-trabalho-aposte-em-funcionalidade-e-estetica-para-ambientes-corporativos\/#primaryimage\",\"url\":\"https:\/\/www.lojasmaranhao.com.br\/blog\/wp-content\/uploads\/2025\/04\/plataforma-de-trabalho-attuali.png\",\"contentUrl\":\"https:\/\/www.lojasmaranhao.com.br\/blog\/wp-content\/uploads\/2025\/04\/plataforma-de-trabalho-attuali.png\",\"width\":600,\"height\":353,\"caption\":\"Mesa plataforma de trabalho: aposte em funcionalidade e est\u00e9tica para ambientes corporativos\"},{\"@type\":\"BreadcrumbList\",\"@id\":\"https:\/\/www.lojasmaranhao.com.br\/blog\/mesas-plataformas\/mesa-plataforma-de-trabalho-aposte-em-funcionalidade-e-estetica-para-ambientes-corporativos\/#breadcrumb\",\"itemListElement\":[{\"@type\":\"ListItem\",\"position\":1,\"name\":\"In\u00edcio\",\"item\":\"https:\/\/www.lojasmaranhao.com.br\/blog\/\"},{\"@type\":\"ListItem\",\"position\":2,\"name\":\"Mesa plataforma de trabalho: aposte em funcionalidade e est\u00e9tica para ambientes corporativos\"}]},{\"@type\":\"WebSite\",\"@id\":\"https:\/\/www.lojasmaranhao.com.br\/blog\/#website\",\"url\":\"https:\/\/www.lojasmaranhao.com.br\/blog\/\",\"name\":\"Blog Lojas Maranh\u00e3o\",\"description\":\"\",\"publisher\":{\"@id\":\"https:\/\/www.lojasmaranhao.com.br\/blog\/#organization\"},\"potentialAction\":[{\"@type\":\"SearchAction\",\"target\":{\"@type\":\"EntryPoint\",\"urlTemplate\":\"https:\/\/www.lojasmaranhao.com.br\/blog\/?s={search_term_string}\"},\"query-input\":{\"@type\":\"PropertyValueSpecification\",\"valueRequired\":true,\"valueName\":\"search_term_string\"}}],\"inLanguage\":\"pt-BR\"},{\"@type\":\"Organization\",\"@id\":\"https:\/\/www.lojasmaranhao.com.br\/blog\/#organization\",\"name\":\"Blog Lojas Maranh\u00e3o\",\"url\":\"https:\/\/www.lojasmaranhao.com.br\/blog\/\",\"logo\":{\"@type\":\"ImageObject\",\"inLanguage\":\"pt-BR\",\"@id\":\"https:\/\/www.lojasmaranhao.com.br\/blog\/#\/schema\/logo\/image\/\",\"url\":\"https:\/\/www.lojasmaranhao.com.br\/blog\/wp-content\/uploads\/2024\/09\/logo-2.png\",\"contentUrl\":\"https:\/\/www.lojasmaranhao.com.br\/blog\/wp-content\/uploads\/2024\/09\/logo-2.png\",\"width\":500,\"height\":200,\"caption\":\"Blog Lojas Maranh\u00e3o\"},\"image\":{\"@id\":\"https:\/\/www.lojasmaranhao.com.br\/blog\/#\/schema\/logo\/image\/\"}},{\"@type\":\"Person\",\"@id\":\"https:\/\/www.lojasmaranhao.com.br\/blog\/#\/schema\/person\/25e3d69c086a2234cfa80d3ab6db0067\",\"name\":\"admin\",\"image\":{\"@type\":\"ImageObject\",\"inLanguage\":\"pt-BR\",\"@id\":\"https:\/\/www.lojasmaranhao.com.br\/blog\/#\/schema\/person\/image\/\",\"url\":\"https:\/\/secure.gravatar.com\/avatar\/f3273dd18d95bc19d51d3e6356e4a679e6f13824497272a270e7bb540b0abb9d?s=96&d=mm&r=g\",\"contentUrl\":\"https:\/\/secure.gravatar.com\/avatar\/f3273dd18d95bc19d51d3e6356e4a679e6f13824497272a270e7bb540b0abb9d?s=96&d=mm&r=g\",\"caption\":\"admin\"},\"sameAs\":[\"https:\/\/www.lojasmaranhao.com.br\/blog\"],\"url\":\"https:\/\/www.lojasmaranhao.com.br\/blog\/author\/admin\/\"}]}<\/script>\n<!-- \/ Yoast SEO plugin. -->","yoast_head_json":{"title":"Mesa plataforma de trabalho: aposte em funcionalidade e est\u00e9tica para ambientes corporativos - Blog Lojas Maranh\u00e3o","description":"Descubra como a mesa plataforma de trabalho pode transformar seu escrit\u00f3rio em um ambiente mais funcional, est\u00e9tico e produtivo.","robots":{"index":"index","follow":"follow","max-snippet":"max-snippet:-1","max-image-preview":"max-image-preview:large","max-video-preview":"max-video-preview:-1"},"canonical":"https:\/\/www.lojasmaranhao.com.br\/blog\/mesas-plataformas\/mesa-plataforma-de-trabalho-aposte-em-funcionalidade-e-estetica-para-ambientes-corporativos\/","og_locale":"pt_BR","og_type":"article","og_title":"Mesa plataforma de trabalho: aposte em funcionalidade e est\u00e9tica para ambientes corporativos - Blog Lojas Maranh\u00e3o","og_description":"Descubra como a mesa plataforma de trabalho pode transformar seu escrit\u00f3rio em um ambiente mais funcional, est\u00e9tico e produtivo.","og_url":"https:\/\/www.lojasmaranhao.com.br\/blog\/mesas-plataformas\/mesa-plataforma-de-trabalho-aposte-em-funcionalidade-e-estetica-para-ambientes-corporativos\/","og_site_name":"Blog Lojas Maranh\u00e3o","article_published_time":"2025-05-05T19:39:49+00:00","og_image":[{"width":600,"height":353,"url":"https:\/\/www.lojasmaranhao.com.br\/blog\/wp-content\/uploads\/2025\/04\/plataforma-de-trabalho-attuali.png","type":"image\/png"}],"author":"admin","twitter_card":"summary_large_image","twitter_misc":{"Escrito por":"admin","Est. tempo de leitura":"5 minutos"},"schema":{"@context":"https:\/\/schema.org","@graph":[{"@type":"Article","@id":"https:\/\/www.lojasmaranhao.com.br\/blog\/mesas-plataformas\/mesa-plataforma-de-trabalho-aposte-em-funcionalidade-e-estetica-para-ambientes-corporativos\/#article","isPartOf":{"@id":"https:\/\/www.lojasmaranhao.com.br\/blog\/mesas-plataformas\/mesa-plataforma-de-trabalho-aposte-em-funcionalidade-e-estetica-para-ambientes-corporativos\/"},"author":{"name":"admin","@id":"https:\/\/www.lojasmaranhao.com.br\/blog\/#\/schema\/person\/25e3d69c086a2234cfa80d3ab6db0067"},"headline":"Mesa plataforma de trabalho: aposte em funcionalidade e est\u00e9tica para ambientes corporativos","datePublished":"2025-05-05T19:39:49+00:00","mainEntityOfPage":{"@id":"https:\/\/www.lojasmaranhao.com.br\/blog\/mesas-plataformas\/mesa-plataforma-de-trabalho-aposte-em-funcionalidade-e-estetica-para-ambientes-corporativos\/"},"wordCount":801,"commentCount":0,"publisher":{"@id":"https:\/\/www.lojasmaranhao.com.br\/blog\/#organization"},"image":{"@id":"https:\/\/www.lojasmaranhao.com.br\/blog\/mesas-plataformas\/mesa-plataforma-de-trabalho-aposte-em-funcionalidade-e-estetica-para-ambientes-corporativos\/#primaryimage"},"thumbnailUrl":"https:\/\/www.lojasmaranhao.com.br\/blog\/wp-content\/uploads\/2025\/04\/plataforma-de-trabalho-attuali.png","keywords":["ambientes corporativos modernos","colabora\u00e7\u00e3o no ambiente de trabalho","conforto no trabalho","design de interiores corporativo","distribuidor de mesa plataforma de trabalho","divis\u00f3rias de mesa","economia de espa\u00e7o","empresa de mesa plataforma de trabalho","ergonomia no escrit\u00f3rio","esta\u00e7\u00e3o de trabalho compartilhada","est\u00e9tica no escrit\u00f3rio","f\u00e1brica de mesa plataforma de trabalho","fabricante de mesa plataforma de trabalho","fornecedor de mesa plataforma de trabalho","loja de mesa plataforma de trabalho","mesa corporativa","mesa plataforma de trabalho","mesa plataforma de trabalho em promo\u00e7\u00e3o","mesa plataforma de trabalho em s\u00e3o paulo","mesa plataforma de trabalho em sp","mesa plataforma de trabalho na Vila Monte Alegre","mesa plataforma de trabalho na zona sul","mesa plataforma de trabalho no Brooklyn","mesa plataforma de trabalho no Campo Belo","mesa plataforma de trabalho no Jabaquara","mesa plataforma de trabalho no Planalto Paulista","mesa plataforma de trabalho perto de mim","mesa plataforma de trabalho pre\u00e7o","mesa plataforma de trabalho pr\u00f3ximo a mim","mesa plataforma Lojas Maranh\u00e3o","mobili\u00e1rio funcional","mobili\u00e1rio para empresas","m\u00f3veis corporativos","m\u00f3veis para escrit\u00f3rios","organiza\u00e7\u00e3o no ambiente de trabalho","personaliza\u00e7\u00e3o de mesas","projeto corporativo personalizado"],"articleSection":["Mesas plataformas"],"inLanguage":"pt-BR","potentialAction":[{"@type":"CommentAction","name":"Comment","target":["https:\/\/www.lojasmaranhao.com.br\/blog\/mesas-plataformas\/mesa-plataforma-de-trabalho-aposte-em-funcionalidade-e-estetica-para-ambientes-corporativos\/#respond"]}]},{"@type":"WebPage","@id":"https:\/\/www.lojasmaranhao.com.br\/blog\/mesas-plataformas\/mesa-plataforma-de-trabalho-aposte-em-funcionalidade-e-estetica-para-ambientes-corporativos\/","url":"https:\/\/www.lojasmaranhao.com.br\/blog\/mesas-plataformas\/mesa-plataforma-de-trabalho-aposte-em-funcionalidade-e-estetica-para-ambientes-corporativos\/","name":"Mesa plataforma de trabalho: aposte em funcionalidade e est\u00e9tica para ambientes corporativos - Blog Lojas Maranh\u00e3o","isPartOf":{"@id":"https:\/\/www.lojasmaranhao.com.br\/blog\/#website"},"primaryImageOfPage":{"@id":"https:\/\/www.lojasmaranhao.com.br\/blog\/mesas-plataformas\/mesa-plataforma-de-trabalho-aposte-em-funcionalidade-e-estetica-para-ambientes-corporativos\/#primaryimage"},"image":{"@id":"https:\/\/www.lojasmaranhao.com.br\/blog\/mesas-plataformas\/mesa-plataforma-de-trabalho-aposte-em-funcionalidade-e-estetica-para-ambientes-corporativos\/#primaryimage"},"thumbnailUrl":"https:\/\/www.lojasmaranhao.com.br\/blog\/wp-content\/uploads\/2025\/04\/plataforma-de-trabalho-attuali.png","datePublished":"2025-05-05T19:39:49+00:00","description":"Descubra como a mesa plataforma de trabalho pode transformar seu escrit\u00f3rio em um ambiente mais funcional, est\u00e9tico e produtivo.","breadcrumb":{"@id":"https:\/\/www.lojasmaranhao.com.br\/blog\/mesas-plataformas\/mesa-plataforma-de-trabalho-aposte-em-funcionalidade-e-estetica-para-ambientes-corporativos\/#breadcrumb"},"inLanguage":"pt-BR","potentialAction":[{"@type":"ReadAction","target":["https:\/\/www.lojasmaranhao.com.br\/blog\/mesas-plataformas\/mesa-plataforma-de-trabalho-aposte-em-funcionalidade-e-estetica-para-ambientes-corporativos\/"]}]},{"@type":"ImageObject","inLanguage":"pt-BR","@id":"https:\/\/www.lojasmaranhao.com.br\/blog\/mesas-plataformas\/mesa-plataforma-de-trabalho-aposte-em-funcionalidade-e-estetica-para-ambientes-corporativos\/#primaryimage","url":"https:\/\/www.lojasmaranhao.com.br\/blog\/wp-content\/uploads\/2025\/04\/plataforma-de-trabalho-attuali.png","contentUrl":"https:\/\/www.lojasmaranhao.com.br\/blog\/wp-content\/uploads\/2025\/04\/plataforma-de-trabalho-attuali.png","width":600,"height":353,"caption":"Mesa plataforma de trabalho: aposte em funcionalidade e est\u00e9tica para ambientes corporativos"},{"@type":"BreadcrumbList","@id":"https:\/\/www.lojasmaranhao.com.br\/blog\/mesas-plataformas\/mesa-plataforma-de-trabalho-aposte-em-funcionalidade-e-estetica-para-ambientes-corporativos\/#breadcrumb","itemListElement":[{"@type":"ListItem","position":1,"name":"In\u00edcio","item":"https:\/\/www.lojasmaranhao.com.br\/blog\/"},{"@type":"ListItem","position":2,"name":"Mesa plataforma de trabalho: aposte em funcionalidade e est\u00e9tica para ambientes corporativos"}]},{"@type":"WebSite","@id":"https:\/\/www.lojasmaranhao.com.br\/blog\/#website","url":"https:\/\/www.lojasmaranhao.com.br\/blog\/","name":"Blog Lojas Maranh\u00e3o","description":"","publisher":{"@id":"https:\/\/www.lojasmaranhao.com.br\/blog\/#organization"},"potentialAction":[{"@type":"SearchAction","target":{"@type":"EntryPoint","urlTemplate":"https:\/\/www.lojasmaranhao.com.br\/blog\/?s={search_term_string}"},"query-input":{"@type":"PropertyValueSpecification","valueRequired":true,"valueName":"search_term_string"}}],"inLanguage":"pt-BR"},{"@type":"Organization","@id":"https:\/\/www.lojasmaranhao.com.br\/blog\/#organization","name":"Blog Lojas Maranh\u00e3o","url":"https:\/\/www.lojasmaranhao.com.br\/blog\/","logo":{"@type":"ImageObject","inLanguage":"pt-BR","@id":"https:\/\/www.lojasmaranhao.com.br\/blog\/#\/schema\/logo\/image\/","url":"https:\/\/www.lojasmaranhao.com.br\/blog\/wp-content\/uploads\/2024\/09\/logo-2.png","contentUrl":"https:\/\/www.lojasmaranhao.com.br\/blog\/wp-content\/uploads\/2024\/09\/logo-2.png","width":500,"height":200,"caption":"Blog Lojas Maranh\u00e3o"},"image":{"@id":"https:\/\/www.lojasmaranhao.com.br\/blog\/#\/schema\/logo\/image\/"}},{"@type":"Person","@id":"https:\/\/www.lojasmaranhao.com.br\/blog\/#\/schema\/person\/25e3d69c086a2234cfa80d3ab6db0067","name":"admin","image":{"@type":"ImageObject","inLanguage":"pt-BR","@id":"https:\/\/www.lojasmaranhao.com.br\/blog\/#\/schema\/person\/image\/","url":"https:\/\/secure.gravatar.com\/avatar\/f3273dd18d95bc19d51d3e6356e4a679e6f13824497272a270e7bb540b0abb9d?s=96&d=mm&r=g","contentUrl":"https:\/\/secure.gravatar.com\/avatar\/f3273dd18d95bc19d51d3e6356e4a679e6f13824497272a270e7bb540b0abb9d?s=96&d=mm&r=g","caption":"admin"},"sameAs":["https:\/\/www.lojasmaranhao.com.br\/blog"],"url":"https:\/\/www.lojasmaranhao.com.br\/blog\/author\/admin\/"}]}},"_links":{"self":[{"href":"https:\/\/www.lojasmaranhao.com.br\/blog\/wp-json\/wp\/v2\/posts\/55","targetHints":{"allow":["GET"]}}],"collection":[{"href":"https:\/\/www.lojasmaranhao.com.br\/blog\/wp-json\/wp\/v2\/posts"}],"about":[{"href":"https:\/\/www.lojasmaranhao.com.br\/blog\/wp-json\/wp\/v2\/types\/post"}],"author":[{"embeddable":true,"href":"https:\/\/www.lojasmaranhao.com.br\/blog\/wp-json\/wp\/v2\/users\/1"}],"replies":[{"embeddable":true,"href":"https:\/\/www.lojasmaranhao.com.br\/blog\/wp-json\/wp\/v2\/comments?post=55"}],"version-history":[{"count":1,"href":"https:\/\/www.lojasmaranhao.com.br\/blog\/wp-json\/wp\/v2\/posts\/55\/revisions"}],"predecessor-version":[{"id":58,"href":"https:\/\/www.lojasmaranhao.com.br\/blog\/wp-json\/wp\/v2\/posts\/55\/revisions\/58"}],"wp:featuredmedia":[{"embeddable":true,"href":"https:\/\/www.lojasmaranhao.com.br\/blog\/wp-json\/wp\/v2\/media\/56"}],"wp:attachment":[{"href":"https:\/\/www.lojasmaranhao.com.br\/blog\/wp-json\/wp\/v2\/media?parent=55"}],"wp:term":[{"taxonomy":"category","embeddable":true,"href":"https:\/\/www.lojasmaranhao.com.br\/blog\/wp-json\/wp\/v2\/categories?post=55"},{"taxonomy":"post_tag","embeddable":true,"href":"https:\/\/www.lojasmaranhao.com.br\/blog\/wp-json\/wp\/v2\/tags?post=55"}],"curies":[{"name":"wp","href":"https:\/\/api.w.org\/{rel}","templated":true}]}}